{"id":369,"date":"2020-11-04T16:06:21","date_gmt":"2020-11-04T16:06:21","guid":{"rendered":"http:\/\/creatividadetica.org\/?p=369"},"modified":"2024-09-14T05:38:25","modified_gmt":"2024-09-14T05:38:25","slug":"tobe-eco","status":"publish","type":"post","link":"https:\/\/creatividadetica.org\/?p=369","title":{"rendered":"ToBE ECO"},"content":{"rendered":"\t\t<div data-elementor-type=\"wp-post\" data-elementor-id=\"369\" class=\"elementor elementor-369\">\n\t\t\t\t\t\t<div class=\"elementor-inner\">\n\t\t\t\t<div class=\"elementor-section-wrap\">\n\t\t\t\t\t\t\t\t\t<section class=\"elementor-section elementor-top-section elementor-element elementor-element-d935f1a elementor-section-boxed elementor-section-height-default elementor-section-height-default\" data-id=\"d935f1a\" data-element_type=\"section\">\n\t\t\t\t\t\t<div class=\"elementor-container elementor-column-gap-default\">\n\t\t\t\t\t\t\t<div class=\"elementor-row\">\n\t\t\t\t\t<div class=\"elementor-column elementor-col-100 elementor-top-column elementor-element elementor-element-20b8992\" data-id=\"20b8992\" data-element_type=\"column\">\n\t\t\t<div class=\"elementor-column-wrap elementor-element-populated\">\n\t\t\t\t\t\t\t<div class=\"elementor-widget-wrap\">\n\t\t\t\t\t\t<div class=\"elementor-element elementor-element-19dcadc elementor-widget elementor-widget-heading\" data-id=\"19dcadc\" data-element_type=\"widget\" data-widget_type=\"heading.default\">\n\t\t\t\t<div class=\"elementor-widget-container\">\n\t\t\t<h2 class=\"elementor-heading-title elementor-size-xl\">toBE[eco]<\/h2>\t\t<\/div>\n\t\t\t\t<\/div>\n\t\t\t\t<div class=\"elementor-element elementor-element-7d12aa9 elementor-widget elementor-widget-heading\" data-id=\"7d12aa9\" data-element_type=\"widget\" data-widget_type=\"heading.default\">\n\t\t\t\t<div class=\"elementor-widget-container\">\n\t\t\t<h2 class=\"elementor-heading-title elementor-size-xl\">Creatividad Etica participa en toBE[eco] \u2013 Bello es Bueno,<\/h2>\t\t<\/div>\n\t\t\t\t<\/div>\n\t\t\t\t<div class=\"elementor-element elementor-element-a7d1934 elementor-widget elementor-widget-heading\" data-id=\"a7d1934\" data-element_type=\"widget\" data-widget_type=\"heading.default\">\n\t\t\t\t<div class=\"elementor-widget-container\">\n\t\t\t<h2 class=\"elementor-heading-title elementor-size-default\">QUE ES toBE\u00a0[eco]?<\/h2>\t\t<\/div>\n\t\t\t\t<\/div>\n\t\t\t\t<div class=\"elementor-element elementor-element-b828592 elementor-widget elementor-widget-text-editor\" data-id=\"b828592\" data-element_type=\"widget\" data-widget_type=\"text-editor.default\">\n\t\t\t\t<div class=\"elementor-widget-container\">\n\t\t\t\t\t\t\t\t<div class=\"elementor-text-editor elementor-clearfix\">\n\t\t\t\t<p>Es el proyecto de EXPOCASA, pensado para los nuevos talentos creativos &#8211; dise\u00f1adores y empresas &#8211; que expresan su ingenio en el dise\u00f1o de objetos eco-amigables, seg\u00fan tres directrices: ECOnom\u00eda del proyecto, ECOlog\u00eda del proceso, ECO multifuncionalidad del producto.\u00a0<\/p>\t\t\t\t\t<\/div>\n\t\t\t\t\t\t<\/div>\n\t\t\t\t<\/div>\n\t\t\t\t<div class=\"elementor-element elementor-element-df2b3a1 elementor-widget elementor-widget-heading\" data-id=\"df2b3a1\" data-element_type=\"widget\" data-widget_type=\"heading.default\">\n\t\t\t\t<div class=\"elementor-widget-container\">\n\t\t\t<h2 class=\"elementor-heading-title elementor-size-default\">El Tema 2015 \/ BELLO ES BUENO<\/h2>\t\t<\/div>\n\t\t\t\t<\/div>\n\t\t\t\t<div class=\"elementor-element elementor-element-729d301 elementor-widget elementor-widget-text-editor\" data-id=\"729d301\" data-element_type=\"widget\" data-widget_type=\"text-editor.default\">\n\t\t\t\t<div class=\"elementor-widget-container\">\n\t\t\t\t\t\t\t\t<div class=\"elementor-text-editor elementor-clearfix\">\n\t\t\t\t<p>El 2015 ser\u00e1 el a\u00f1o de la Expo2015 Milano (*) donde el tema es \u201cNutrir el Planeta-Energ\u00eda para la Vida\u201d, y desde nuestro punto de vista m\u00e1s sugestivo del mundo toBE[eco] ser\u00e1 el del Dise\u00f1o Sostenible. Lo BELLO desde siempre representa la s\u00edntesis del valor est\u00e9tico, sugestivamente definido. Lo BUENO est\u00e1 unido al GUSTO y en este sentido mantiene m\u00faltiples significados del sabor y del saber, en los ambientes gastron\u00f3micos, est\u00e9ticos y \u00e9ticos. Definir aquello que es BELLO y es tambi\u00e9n BUENO, ampl\u00eda la prestaci\u00f3n del valor est\u00e9tico, a la potencialidad \u00e9tica, donde la sostenibilidad pueda entenderse bajo varios puntos de vista. Durante 9 d\u00edas, los participantes de la feria podr\u00e1n comercializar sus productos en forma directa en stands de 6m2 (3&#215;2). Una oportunidad \u00fanica para que los dise\u00f1adores y empresas emerjan, para medir las oportunidades del mercado y para crear nuevas sinergias con los operadores y productores del sector.<\/p>\t\t\t\t\t<\/div>\n\t\t\t\t\t\t<\/div>\n\t\t\t\t<\/div>\n\t\t\t\t<div class=\"elementor-element elementor-element-36f3c35 elementor-widget elementor-widget-image\" data-id=\"36f3c35\" data-element_type=\"widget\" data-widget_type=\"image.default\">\n\t\t\t\t<div class=\"elementor-widget-container\">\n\t\t\t\t\t\t\t\t<div class=\"elementor-image\">\n\t\t\t\t\t\t\t\t\t\t\t\t<img width=\"2560\" height=\"985\" src=\"https:\/\/creatividadetica.org\/wp-content\/uploads\/2020\/11\/news_tobe-eco_bnn-scaled.jpg\" class=\"attachment-full size-full\" alt=\"\" loading=\"lazy\" srcset=\"https:\/\/creatividadetica.org\/wp-content\/uploads\/2020\/11\/news_tobe-eco_bnn-scaled.jpg 2560w, https:\/\/creatividadetica.org\/wp-content\/uploads\/2020\/11\/news_tobe-eco_bnn-300x115.jpg 300w, https:\/\/creatividadetica.org\/wp-content\/uploads\/2020\/11\/news_tobe-eco_bnn-1024x394.jpg 1024w, https:\/\/creatividadetica.org\/wp-content\/uploads\/2020\/11\/news_tobe-eco_bnn-768x295.jpg 768w, https:\/\/creatividadetica.org\/wp-content\/uploads\/2020\/11\/news_tobe-eco_bnn-1536x591.jpg 1536w, https:\/\/creatividadetica.org\/wp-content\/uploads\/2020\/11\/news_tobe-eco_bnn-2048x788.jpg 2048w\" sizes=\"100vw\" \/>\t\t\t\t\t\t\t\t\t\t\t\t\t\t<\/div>\n\t\t\t\t\t\t<\/div>\n\t\t\t\t<\/div>\n\t\t\t\t\t\t<\/div>\n\t\t\t\t\t<\/div>\n\t\t<\/div>\n\t\t\t\t\t\t\t\t<\/div>\n\t\t\t\t\t<\/div>\n\t\t<\/section>\n\t\t\t\t\t\t\t\t\t<\/div>\n\t\t\t<\/div>\n\t\t\t\t\t<\/div>\n\t\t","protected":false},"excerpt":{"rendered":"<p>toBE[eco] Creatividad Etica participa en toBE[eco] \u2013 Bello es Bueno, QUE ES toBE\u00a0[eco]? Es el proyecto de EXPOCASA, pensado para los nuevos talentos creativos &#8211; dise\u00f1adores y empresas &#8211; que expresan su ingenio en el dise\u00f1o de objetos eco-amigables, seg\u00fan tres directrices: ECOnom\u00eda del proyecto, ECOlog\u00eda del proceso, ECO multifuncionalidad del producto.\u00a0 El Tema 2015 &hellip; <\/p>\n<p class=\"link-more\"><a href=\"https:\/\/creatividadetica.org\/?p=369\" class=\"more-link\">Continue reading<span class=\"screen-reader-text\"> &#8220;ToBE ECO&#8221;<\/span><\/a><\/p>\n","protected":false},"author":2,"featured_media":0,"comment_status":"closed","ping_status":"closed","sticky":false,"template":"","format":"standard","meta":{"pgc_meta":"","spay_email":""},"categories":[2],"tags":[],"jetpack_featured_media_url":"","_links":{"self":[{"href":"https:\/\/creatividadetica.org\/index.php?rest_route=\/wp\/v2\/posts\/369"}],"collection":[{"href":"https:\/\/creatividadetica.org\/index.php?rest_route=\/wp\/v2\/posts"}],"about":[{"href":"https:\/\/creatividadetica.org\/index.php?rest_route=\/wp\/v2\/types\/post"}],"author":[{"embeddable":true,"href":"https:\/\/creatividadetica.org\/index.php?rest_route=\/wp\/v2\/users\/2"}],"replies":[{"embeddable":true,"href":"https:\/\/creatividadetica.org\/index.php?rest_route=%2Fwp%2Fv2%2Fcomments&post=369"}],"version-history":[{"count":13,"href":"https:\/\/creatividadetica.org\/index.php?rest_route=\/wp\/v2\/posts\/369\/revisions"}],"predecessor-version":[{"id":1746,"href":"https:\/\/creatividadetica.org\/index.php?rest_route=\/wp\/v2\/posts\/369\/revisions\/1746"}],"wp:attachment":[{"href":"https:\/\/creatividadetica.org\/index.php?rest_route=%2Fwp%2Fv2%2Fmedia&parent=369"}],"wp:term":[{"taxonomy":"category","embeddable":true,"href":"https:\/\/creatividadetica.org\/index.php?rest_route=%2Fwp%2Fv2%2Fcategories&post=369"},{"taxonomy":"post_tag","embeddable":true,"href":"https:\/\/creatividadetica.org\/index.php?rest_route=%2Fwp%2Fv2%2Ftags&post=369"}],"curies":[{"name":"wp","href":"https:\/\/api.w.org\/{rel}","templated":true}]}}